{"id":3246,"date":"2026-02-28T23:58:20","date_gmt":"2026-03-01T03:58:20","guid":{"rendered":"https:\/\/notasconproposito.com\/?p=3246"},"modified":"2026-03-01T00:00:13","modified_gmt":"2026-03-01T04:00:13","slug":"el-proceso-tambien-es-parte-del-proposito","status":"publish","type":"post","link":"https:\/\/notasconproposito.com\/index.php\/2026\/02\/28\/el-proceso-tambien-es-parte-del-proposito\/","title":{"rendered":"El Proceso Tambien es Parte del Proposito"},"content":{"rendered":"\t\t<div data-elementor-type=\"wp-post\" data-elementor-id=\"3246\" class=\"elementor elementor-3246\">\n\t\t\t\t<div class=\"elementor-element elementor-element-1b63a890 e-flex e-con-boxed e-con e-parent\" data-id=\"1b63a890\" data-element_type=\"container\" data-e-type=\"container\">\n\t\t\t\t\t<div class=\"e-con-inner\">\n\t\t\t\t<div class=\"elementor-element elementor-element-a849525 elementor-widget elementor-widget-image\" data-id=\"a849525\" data-element_type=\"widget\" data-e-type=\"widget\" data-widget_type=\"image.default\">\n\t\t\t\t<div class=\"elementor-widget-container\">\n\t\t\t\t\t\t\t\t\t\t\t\t\t\t\t<img fetchpriority=\"high\" decoding=\"async\" width=\"940\" height=\"788\" src=\"https:\/\/notasconproposito.com\/wp-content\/uploads\/2026\/02\/NCP-Marzo-2026.jpg\" class=\"attachment-full size-full wp-image-3249\" alt=\"\" srcset=\"https:\/\/notasconproposito.com\/wp-content\/uploads\/2026\/02\/NCP-Marzo-2026.jpg 940w, https:\/\/notasconproposito.com\/wp-content\/uploads\/2026\/02\/NCP-Marzo-2026-300x251.jpg 300w, https:\/\/notasconproposito.com\/wp-content\/uploads\/2026\/02\/NCP-Marzo-2026-768x644.jpg 768w\" sizes=\"(max-width: 940px) 100vw, 940px\" \/>\t\t\t\t\t\t\t\t\t\t\t\t\t\t\t<\/div>\n\t\t\t\t<\/div>\n\t\t\t\t\t<\/div>\n\t\t\t\t<\/div>\n\t\t<div class=\"elementor-element elementor-element-520c7788 e-flex e-con-boxed e-con e-parent\" data-id=\"520c7788\" data-element_type=\"container\" data-e-type=\"container\">\n\t\t\t\t\t<div class=\"e-con-inner\">\n\t\t\t\t<div class=\"elementor-element elementor-element-208962c1 elementor-widget elementor-widget-text-editor\" data-id=\"208962c1\" data-element_type=\"widget\" data-e-type=\"widget\" data-widget_type=\"text-editor.default\">\n\t\t\t\t<div class=\"elementor-widget-container\">\n\t\t\t\t\t\t\t\t\t<p><audio class=\"wp-audio-shortcode\" id=\"audio-3246-1\" preload=\"none\" style=\"width: 100%;\" controls=\"controls\"><source type=\"audio\/mpeg\" src=\"https:\/\/notasconproposito.com\/wp-content\/uploads\/2026\/02\/ttsmaker-file-2026-2-28-22-53-21.mp3?_=1\" \/><a href=\"https:\/\/notasconproposito.com\/wp-content\/uploads\/2026\/02\/ttsmaker-file-2026-2-28-22-53-21.mp3\">https:\/\/notasconproposito.com\/wp-content\/uploads\/2026\/02\/ttsmaker-file-2026-2-28-22-53-21.mp3<\/a><\/audio><\/p>\t\t\t\t\t\t\t\t<\/div>\n\t\t\t\t<\/div>\n\t\t\t\t\t<\/div>\n\t\t\t\t<\/div>\n\t\t<div class=\"elementor-element elementor-element-8efbbcc e-flex e-con-boxed e-con e-parent\" data-id=\"8efbbcc\" data-element_type=\"container\" data-e-type=\"container\">\n\t\t\t\t\t<div class=\"e-con-inner\">\n\t\t\t\t<div class=\"elementor-element elementor-element-1d410d69 elementor-widget elementor-widget-text-editor\" data-id=\"1d410d69\" data-element_type=\"widget\" data-e-type=\"widget\" data-widget_type=\"text-editor.default\">\n\t\t\t\t<div class=\"elementor-widget-container\">\n\t\t\t\t\t\t\t\t\t<div style=\"font-family: 'Segoe UI', Arial, sans-serif; max-width: 800px; margin: 50px auto; padding: 0 20px; line-height: 1.85; color: #2c2c2c;\">\n\n  <!-- T\u00cdTULO -->\n  <h2 style=\"text-align:center; font-size:30px; color:#1f3c88; margin-bottom:30px;\">\n    \ud83c\udf3f El Proceso Tambi\u00e9n Es Parte del Prop\u00f3sito\n  <\/h2>\n\n  <!-- INTRO -->\n  <p>\n    Creer en Dios y vivir en santidad conforme a Su coraz\u00f3n no significa que estaremos exentos de los procesos. \n    La <strong style=\"color:#0f9d58;\">fe genuina<\/strong> no nos a\u00edsla del dolor, la espera o la lucha; \n    nos da una manera distinta de atravesarlos.\n  <\/p>\n\n  <p>\n    El proceso, aunque inc\u00f3modo y desgastante, trae crecimiento, conocimiento y entendimiento. \n    Es en ese caminar donde somos formados como cristianos.\n  <\/p>\n\n  <!-- CITA SALMOS -->\n  <div style=\"background:#f0f6ff; padding:22px; border-radius:12px; margin:30px 0; border-left:5px solid #1f3c88;\">\n    <p style=\"margin:0; font-style:italic; font-size:17px;\">\n      \u201cAlzar\u00e9 mis ojos a los montes; \u00bfde d\u00f3nde vendr\u00e1 mi socorro?  \n      Mi socorro viene de Jehov\u00e1, que hizo los cielos y la tierra.\u201d  \n      <br><strong>Salmos 121:1\u20132<\/strong>\n    <\/p>\n  <\/div>\n\n  <p>\n    Esta afirmaci\u00f3n no nace desde la comodidad, sino desde la necesidad. \n    El clamor del salmista revela que hay momentos donde el alma debe mirar m\u00e1s all\u00e1 de s\u00ed misma, \n    reconociendo que el verdadero auxilio viene solo de Dios.\n  <\/p>\n\n  <!-- PERSONAJES B\u00cdBLICOS -->\n  <h3 style=\"color:#b85c38; margin-top:35px;\">\ud83d\udd25 Procesos que Forman<\/h3>\n\n  <p>\n    Las Escrituras nos muestran vidas marcadas por procesos profundos. \n    <strong style=\"color:#1f3c88;\">Pablo, Pedro y Juan<\/strong> no caminaron una fe libre de pruebas; \n    enfrentaron persecuci\u00f3n, c\u00e1rcel, rechazo y sacrificio.\n  <\/p>\n\n  <p>\n    Sin embargo, en cada etapa dif\u00edcil, la intervenci\u00f3n de Dios fue evidente. \n    \u00c9l los sostuvo y afirm\u00f3 su prop\u00f3sito.\n  <\/p>\n\n  <!-- JOB -->\n  <div style=\"background:#fff5e6; padding:22px; border-radius:12px; margin:30px 0; border-left:5px solid #b85c38;\">\n    <p style=\"margin:0;\">\n      Entre todos, <strong style=\"color:#b22222;\">Job<\/strong> representa poderosamente la perseverancia en la adversidad.  \n      No fue exento del proceso, pero tampoco fue abandonado en \u00e9l.\n    <\/p>\n  <\/div>\n\n  <p>\n    Su historia nos recuerda que aun cuando no entendemos el <strong>\u201cpor qu\u00e9\u201d<\/strong>, \n    Dios sigue siendo fiel en el <strong>\u201cpara qu\u00e9\u201d<\/strong>.\n  <\/p>\n\n  <!-- PROMESA FINAL -->\n  <div style=\"background:#f4f7fb; padding:22px; border-radius:12px; margin:35px 0; text-align:center;\">\n    <p style=\"font-style:italic; margin:0; font-size:17px;\">\n      \u201cJehov\u00e1 te guardar\u00e1 de todo mal; \u00c9l guardar\u00e1 tu alma.\u201d  \n      <br><strong>Salmos 121:7<\/strong>\n    <\/p>\n  <\/div>\n\n  <p>\n    El proceso no niega Su cuidado; lo revela.  \n    No estamos solos en la subida, ni desamparados en el valle.\n  <\/p>\n\n  <p>\n    Nuestro socorro viene del Se\u00f1or.  \n    Y es precisamente en medio del proceso donde aprendemos a confiar, \n    depender y crecer conforme a Su coraz\u00f3n.\n  <\/p>\n\n  <!-- FRASE DESTACADA FINAL -->\n  <div style=\"margin-top:40px; text-align:center; padding:20px; border-radius:12px; background:#eafaf1;\">\n    <strong style=\"color:#0f9d58; font-size:18px;\">\n      \ud83c\udf04 El proceso no es el final.  \n      Es el taller donde Dios forma nuestro car\u00e1cter.\n    <\/strong>\n  <\/div>\n\n<\/div>\t\t\t\t\t\t\t\t<\/div>\n\t\t\t\t<\/div>\n\t\t\t\t\t<\/div>\n\t\t\t\t<\/div>\n\t\t<div class=\"elementor-element elementor-element-468c258b e-flex e-con-boxed e-con e-parent\" data-id=\"468c258b\" data-element_type=\"container\" data-e-type=\"container\">\n\t\t\t\t\t<div class=\"e-con-inner\">\n\t\t\t\t<div class=\"elementor-element elementor-element-10490a50 elementor-widget elementor-widget-text-editor\" data-id=\"10490a50\" data-element_type=\"widget\" data-e-type=\"widget\" data-widget_type=\"text-editor.default\">\n\t\t\t\t<div class=\"elementor-widget-container\">\n\t\t\t\t\t\t\t\t\t<div style=\"font-family: 'Segoe UI', Arial, sans-serif; max-width: 600px; margin: 30px auto; padding: 0 18px; line-height: 1.7; color: #2c2c2c;\"><p><!-- ENCABEZADO --><\/p><h2 style=\"text-align: center; font-size: 26px; color: #1f3c88; margin-bottom: 15px;\">\u00bfQuieres compartir lo que Dios est\u00e1 haciendo en tu iglesia o comunidad?<\/h2><p style=\"text-align: center; font-size: 16px;\">En <strong style=\"color: #1f3c88;\">Notas con Prop\u00f3sito<\/strong> queremos escucharte.<\/p><div style=\"background: #f4f7fb; padding: 20px; border-radius: 12px; text-align: center; margin: 25px 0;\"><p style=\"margin: 0; font-size: 15px;\">Escr\u00edbenos a<\/p><p style=\"font-size: 18px; font-weight: bold; color: #0f9d58; margin: 8px 0;\">contacto@notasconproposito.com<\/p><p style=\"margin: 0; font-size: 15px;\">Cu\u00e9ntanos sobre tu iglesia o desde d\u00f3nde nos lees.<br \/>Con gusto publicaremos tu historia para edificaci\u00f3n de muchos.<\/p><\/div><p><!-- REDES SOCIALES --><\/p><h3 style=\"text-align: center; font-size: 20px; margin-top: 35px; color: #1f3c88;\">S\u00edguenos en Redes Sociales<\/h3><div style=\"margin-top: 15px;\"><a style=\"display: block; background: #1877F2; color: #fff; text-decoration: none; padding: 14px; border-radius: 10px; margin-bottom: 12px; text-align: center; font-weight: bold;\" href=\"https:\/\/www.facebook.com\/notasconproposito\" target=\"_blank\" rel=\"noopener\"><br \/>\ud83d\udcd8 Facebook \u2013 @notasconproposito<br \/><\/a><p><a style=\"display: block; background: #E4405F; color: #fff; text-decoration: none; padding: 14px; border-radius: 10px; margin-bottom: 12px; text-align: center; font-weight: bold;\" href=\"https:\/\/www.instagram.com\/storiesconproposito\" target=\"_blank\" rel=\"noopener\"><br \/>\ud83d\udcf8 Instagram \u2013 @storiesconproposito<br \/><\/a><\/p><p><a style=\"display: block; background: #FF0000; color: #fff; text-decoration: none; padding: 14px; border-radius: 10px; margin-bottom: 12px; text-align: center; font-weight: bold;\" href=\"https:\/\/www.youtube.com\/@NotasConProposito\" target=\"_blank\" rel=\"noopener\"><br \/>\u25b6\ufe0f YouTube \u2013 @notasconproposito<br \/><\/a><\/p><\/div><p><!-- PODCAST --><\/p><h3 style=\"text-align: center; font-size: 20px; margin-top: 40px; color: #1f3c88;\">\ud83c\udf99 Escucha Nuestros Podcasts<\/h3><h4 style=\"text-align: center; color: #b85c38; margin-top: 20px;\">Despu\u00e9s del Am\u00e9n<\/h4><div style=\"margin-top: 10px;\"><a style=\"display: block; background: #1DB954; color: #fff; text-decoration: none; padding: 14px; border-radius: 10px; margin-bottom: 10px; text-align: center; font-weight: bold;\" href=\"https:\/\/open.spotify.com\/show\/6a84671mxH2kisTJVyh16y?si=-zPyXK8XRt29mJBLJoDZ-A\" target=\"_blank\" rel=\"noopener\"><br \/>\ud83d\udfe2 Escuchar en Spotify<br \/><\/a><p><a style=\"display: block; background: #000; color: #fff; text-decoration: none; padding: 14px; border-radius: 10px; margin-bottom: 10px; text-align: center; font-weight: bold;\" href=\"https:\/\/podcasts.apple.com\/us\/podcast\/despues-del-amen\/id1865281566\" target=\"_blank\" rel=\"noopener\"><br \/>\ud83c\udf4e Escuchar en Apple Podcasts<br \/><\/a><\/p><p><a style=\"display: block; background: #9146FF; color: #fff; text-decoration: none; padding: 14px; border-radius: 10px; margin-bottom: 10px; text-align: center; font-weight: bold;\" href=\"https:\/\/music.amazon.com\/podcasts\/b280395a-bea2-48f1-93b8-a1153dc9ed54\/despues-del-amen?ref=dm_sh_tiYkpTZfC2ANyRuxoVBIXjqmm\" target=\"_blank\" rel=\"noopener\"><br \/>\ud83d\udfe3 Escuchar en Amazon Music<br \/><\/a><\/p><p><a style=\"display: block; background: #FF0000; color: #fff; text-decoration: none; padding: 14px; border-radius: 10px; margin-bottom: 10px; text-align: center; font-weight: bold;\" href=\"https:\/\/youtube.com\/playlist?list=PLl3U7OUboUWOMyYPxAhV-722N7AjvNHfB&amp;si=XtLGSZp8uHsaFsfr\" target=\"_blank\" rel=\"noopener\"><br \/>\ud83d\udd34 Ver en YouTube<br \/><\/a><\/p><\/div><p><!-- M\u00c1S CONTENIDO --><\/p><h4 style=\"text-align: center; margin-top: 35px; color: #1f3c88;\">M\u00e1s de NCP Podcast<\/h4><div style=\"margin-top: 10px;\"><a style=\"display: block; background: #f1f1f1; color: #1f3c88; text-decoration: none; padding: 12px; border-radius: 8px; margin-bottom: 8px; text-align: center; font-weight: bold;\" href=\"https:\/\/notasconproposito.com\/index.php\/podcast-2\/\" target=\"_blank\" rel=\"noopener\"><br \/>\ud83c\udfa7 P\u00e1gina Principal de Podcasts<br \/><\/a><p><a style=\"display: block; background: #f1f1f1; color: #1f3c88; text-decoration: none; padding: 12px; border-radius: 8px; margin-bottom: 8px; text-align: center;\" href=\"https:\/\/notasconproposito.com\/feed\/podcast\" target=\"_blank\" rel=\"noopener\"><br \/>\ud83d\udce1 RSS General<br \/><\/a><\/p><\/div><p><!-- CIERRE --><\/p><div style=\"text-align: center; margin-top: 40px; font-size: 16px;\"><strong style=\"color: #1f3c88;\">B\u00fascanos como NCP Podcast<\/strong><br \/>Disfruta de <span style=\"color: #b85c38; font-weight: bold;\">\u201cDespu\u00e9s del Am\u00e9n\u201d<\/span><br \/>y <span style=\"color: #0f9d58; font-weight: bold;\">\u201cWhat iF?\u201d<\/span>,<br \/>producciones de Notas con Prop\u00f3sito.<\/div><\/div>\t\t\t\t\t\t\t\t<\/div>\n\t\t\t\t<\/div>\n\t\t\t\t\t<\/div>\n\t\t\t\t<\/div>\n\t\t<div class=\"elementor-element elementor-element-56d3bd9a e-flex e-con-boxed e-con e-parent\" data-id=\"56d3bd9a\" data-element_type=\"container\" data-e-type=\"container\">\n\t\t\t\t\t<div class=\"e-con-inner\">\n\t\t\t\t<div class=\"elementor-element elementor-element-7f722b55 elementor-widget elementor-widget-elementskit-social-share\" data-id=\"7f722b55\" data-element_type=\"widget\" data-e-type=\"widget\" data-widget_type=\"elementskit-social-share.default\">\n\t\t\t\t<div class=\"elementor-widget-container\">\n\t\t\t\t\t<div class=\"ekit-wid-con\" >\t\t<ul class=\"ekit_socialshare\">\n                            <li class=\"elementor-repeater-item-eedc52d\" data-social=\"facebook\">\n                    <div class=\"facebook\">\n                        \n                        <i aria-hidden=\"true\" class=\"icon icon-facebook\"><\/i>                        \n                                                                                            <\/div>\n                <\/li>\n                                            <li class=\"elementor-repeater-item-b76d1ee\" data-social=\"twitter\">\n                    <div class=\"twitter\">\n                        \n                        <i aria-hidden=\"true\" class=\"icon icon-twitter\"><\/i>                        \n                                                                                            <\/div>\n                <\/li>\n                                            <li class=\"elementor-repeater-item-4278703\" data-social=\"linkedin\">\n                    <div class=\"linkedin\">\n                        \n                        <i aria-hidden=\"true\" class=\"icon icon-linkedin\"><\/i>                        \n                                                                                            <\/div>\n                <\/li>\n                                    <\/ul>\n        <\/div>\t\t\t\t<\/div>\n\t\t\t\t<\/div>\n\t\t\t\t\t<\/div>\n\t\t\t\t<\/div>\n\t\t<div class=\"elementor-element elementor-element-4902cc07 e-flex e-con-boxed e-con e-parent\" data-id=\"4902cc07\" data-element_type=\"container\" data-e-type=\"container\">\n\t\t\t\t\t<div class=\"e-con-inner\">\n\t\t\t\t<div class=\"elementor-element elementor-element-47f2de57 elementor-align-center elementor-widget elementor-widget-button\" data-id=\"47f2de57\" data-element_type=\"widget\" data-e-type=\"widget\" data-widget_type=\"button.default\">\n\t\t\t\t<div class=\"elementor-widget-container\">\n\t\t\t\t\t\t\t\t\t<div class=\"elementor-button-wrapper\">\n\t\t\t\t\t<a class=\"elementor-button elementor-button-link elementor-size-sm\" href=\"https:\/\/notasconproposito.com\/index.php\/articulos-y-reflexiones\/\">\n\t\t\t\t\t\t<span class=\"elementor-button-content-wrapper\">\n\t\t\t\t\t\t\t\t\t<span class=\"elementor-button-text\">Volver a Tabla de Contenido<\/span>\n\t\t\t\t\t<\/span>\n\t\t\t\t\t<\/a>\n\t\t\t\t<\/div>\n\t\t\t\t\t\t\t\t<\/div>\n\t\t\t\t<\/div>\n\t\t\t\t\t<\/div>\n\t\t\t\t<\/div>\n\t\t\t\t<\/div>\n\t\t","protected":false},"excerpt":{"rendered":"<p>\ud83c\udf3f El Proceso Tambi\u00e9n Es Parte del Prop\u00f3sito Creer en Dios y vivir en santidad conforme a Su coraz\u00f3n no significa que estaremos exentos de los procesos. La fe genuina no nos a\u00edsla del dolor, la espera o la lucha; nos da una manera distinta de atravesarlos. El proceso, aunque inc\u00f3modo y desgastante, trae crecimiento, [&hellip;]<\/p>\n","protected":false},"author":4,"featured_media":0,"comment_status":"open","ping_status":"closed","sticky":false,"template":"elementor_header_footer","format":"standard","meta":{"episode_type":"","audio_file":"","podmotor_file_id":"","podmotor_episode_id":"","cover_image":"","cover_image_id":"","duration":"","filesize":"","filesize_raw":"","date_recorded":"","explicit":"","block":"","itunes_episode_number":"","itunes_title":"","itunes_season_number":"","itunes_episode_type":"","iawp_total_views":29,"footnotes":""},"categories":[1],"tags":[],"class_list":["post-3246","post","type-post","status-publish","format-standard","hentry","category-todos-los-articulos","entry"],"_links":{"self":[{"href":"https:\/\/notasconproposito.com\/index.php\/wp-json\/wp\/v2\/posts\/3246","targetHints":{"allow":["GET"]}}],"collection":[{"href":"https:\/\/notasconproposito.com\/index.php\/wp-json\/wp\/v2\/posts"}],"about":[{"href":"https:\/\/notasconproposito.com\/index.php\/wp-json\/wp\/v2\/types\/post"}],"author":[{"embeddable":true,"href":"https:\/\/notasconproposito.com\/index.php\/wp-json\/wp\/v2\/users\/4"}],"replies":[{"embeddable":true,"href":"https:\/\/notasconproposito.com\/index.php\/wp-json\/wp\/v2\/comments?post=3246"}],"version-history":[{"count":4,"href":"https:\/\/notasconproposito.com\/index.php\/wp-json\/wp\/v2\/posts\/3246\/revisions"}],"predecessor-version":[{"id":3252,"href":"https:\/\/notasconproposito.com\/index.php\/wp-json\/wp\/v2\/posts\/3246\/revisions\/3252"}],"wp:attachment":[{"href":"https:\/\/notasconproposito.com\/index.php\/wp-json\/wp\/v2\/media?parent=3246"}],"wp:term":[{"taxonomy":"category","embeddable":true,"href":"https:\/\/notasconproposito.com\/index.php\/wp-json\/wp\/v2\/categories?post=3246"},{"taxonomy":"post_tag","embeddable":true,"href":"https:\/\/notasconproposito.com\/index.php\/wp-json\/wp\/v2\/tags?post=3246"}],"curies":[{"name":"wp","href":"https:\/\/api.w.org\/{rel}","templated":true}]}}